{"id":570,"date":"2020-01-18T18:36:15","date_gmt":"2020-01-18T18:36:15","guid":{"rendered":"https:\/\/auszeit.maurer-weber.ch\/?p=570"},"modified":"2020-01-19T16:04:04","modified_gmt":"2020-01-19T16:04:04","slug":"wine-tasting","status":"publish","type":"post","link":"https:\/\/auszeit.maurer-weber.ch\/?p=570","title":{"rendered":"Wine tasting"},"content":{"rendered":"\n<p>Da S\u00fcdafrika so bekannt f\u00fcr seine Weine ist, wollte ich es nicht missen, die Weingebiete zu besichtigen und auch den dortigen Wein kennen zu lernen. So meldete ich mich f\u00fcr Samstag f\u00fcr einen eint\u00e4gigen &#8222;whine tasting Ausflug&#8220; an, welcher von der Schule angeboten wurde. <\/p>\n\n\n\n<div class=\"wp-block-image\"><figure class=\"alignright size-large is-resized\"><img loading=\"lazy\" decoding=\"async\" src=\"https:\/\/auszeit.maurer-weber.ch\/wp-content\/uploads\/2020\/01\/20200118_100724-1024x498.jpg\" alt=\"\" class=\"wp-image-576\" width=\"268\" height=\"130\" srcset=\"https:\/\/auszeit.maurer-weber.ch\/wp-content\/uploads\/2020\/01\/20200118_100724-1024x498.jpg 1024w, https:\/\/auszeit.maurer-weber.ch\/wp-content\/uploads\/2020\/01\/20200118_100724-300x146.jpg 300w, https:\/\/auszeit.maurer-weber.ch\/wp-content\/uploads\/2020\/01\/20200118_100724-768x373.jpg 768w, https:\/\/auszeit.maurer-weber.ch\/wp-content\/uploads\/2020\/01\/20200118_100724-1536x747.jpg 1536w, https:\/\/auszeit.maurer-weber.ch\/wp-content\/uploads\/2020\/01\/20200118_100724-2048x996.jpg 2048w, https:\/\/auszeit.maurer-weber.ch\/wp-content\/uploads\/2020\/01\/20200118_100724-1200x583.jpg 1200w\" sizes=\"auto, (max-width: 268px) 85vw, 268px\" \/><\/figure><\/div>\n\n\n\n<p>Wir f\u00fchren um ca. 9 Uhr von Kapstadt los und trafen etwa um 10 Uhr in Stellenbosch ein. Bereits auf der Fahrt konnten wir die vielen, teils grossen Felder mit Reben bestaunen. In Stellenbosch besuchten wir den die Firma &#8222;Bergkelder&#8220;, welche unter anderem den Wein &#8222;Fleur du cap&#8220; herstellt und vertreibt. Hier konnten wir den sch\u00f6nen Keller mit vielen F\u00e4ssern und Flaschen bestaunen und bereits die ersten f\u00fcnf (!) Weine testen. Ich bin bekanntlich kein Weintrinker, aber hier hatte es doch bereits einige, die mir schmeckten. Speziell beim tasting hier war sicherlich, dass jeweils nicht nur ein Schluck sondern ca. 1\/2 Glas ausgeschenkt wurde  (und das auf den n\u00fcchternen Magen&#8230;). Das konnte ja lustig werden \ud83d\ude42<\/p>\n\n\n\n<div class=\"wp-block-image\"><figure class=\"aligncenter size-large is-resized\"><img loading=\"lazy\" decoding=\"async\" src=\"https:\/\/auszeit.maurer-weber.ch\/wp-content\/uploads\/2020\/01\/20200118_104834-1024x498.jpg\" alt=\"\" class=\"wp-image-575\" width=\"488\" height=\"237\" srcset=\"https:\/\/auszeit.maurer-weber.ch\/wp-content\/uploads\/2020\/01\/20200118_104834-1024x498.jpg 1024w, https:\/\/auszeit.maurer-weber.ch\/wp-content\/uploads\/2020\/01\/20200118_104834-300x146.jpg 300w, https:\/\/auszeit.maurer-weber.ch\/wp-content\/uploads\/2020\/01\/20200118_104834-768x373.jpg 768w, https:\/\/auszeit.maurer-weber.ch\/wp-content\/uploads\/2020\/01\/20200118_104834-1536x747.jpg 1536w, https:\/\/auszeit.maurer-weber.ch\/wp-content\/uploads\/2020\/01\/20200118_104834-2048x996.jpg 2048w, https:\/\/auszeit.maurer-weber.ch\/wp-content\/uploads\/2020\/01\/20200118_104834-1200x583.jpg 1200w\" sizes=\"auto, (max-width: 488px) 85vw, 488px\" \/><\/figure><\/div>\n\n\n\n<p>Weiter ging es zum Weingut &#8222;La Motte&#8220; im Bezirk Franschhoek. Hier folge das n\u00e4chste Tasting von weiteren acht (!!),  sehr schmackhaften Weinen. Gottseidank gab es dazu ein wenig Brot&#8230;<\/p>\n\n\n\n<figure class=\"wp-block-image size-large\"><img loading=\"lazy\" decoding=\"async\" width=\"1024\" height=\"498\" src=\"https:\/\/auszeit.maurer-weber.ch\/wp-content\/uploads\/2020\/01\/20200118_114124-1024x498.jpg\" alt=\"\" class=\"wp-image-574\" srcset=\"https:\/\/auszeit.maurer-weber.ch\/wp-content\/uploads\/2020\/01\/20200118_114124-1024x498.jpg 1024w, https:\/\/auszeit.maurer-weber.ch\/wp-content\/uploads\/2020\/01\/20200118_114124-300x146.jpg 300w, https:\/\/auszeit.maurer-weber.ch\/wp-content\/uploads\/2020\/01\/20200118_114124-768x373.jpg 768w, https:\/\/auszeit.maurer-weber.ch\/wp-content\/uploads\/2020\/01\/20200118_114124-1536x747.jpg 1536w, https:\/\/auszeit.maurer-weber.ch\/wp-content\/uploads\/2020\/01\/20200118_114124-2048x996.jpg 2048w, https:\/\/auszeit.maurer-weber.ch\/wp-content\/uploads\/2020\/01\/20200118_114124-1200x583.jpg 1200w\" sizes=\"auto, (max-width: 709px) 85vw, (max-width: 909px) 67vw, (max-width: 1362px) 62vw, 840px\" \/><\/figure>\n\n\n\n<p>In Franschhoek selbst, einem kleinen, sch\u00f6nen St\u00e4dtchen konnten wir Mittagessen und so den Wein ein wenig setzen lassen. Auch f\u00fcr einen kurzen Spaziergang hat es gereicht und so waren wir wieder bereit f\u00fcr das letzte Tasting.<\/p>\n\n\n\n<div class=\"wp-block-image\"><figure class=\"alignright size-large is-resized\"><img loading=\"lazy\" decoding=\"async\" src=\"https:\/\/auszeit.maurer-weber.ch\/wp-content\/uploads\/2020\/01\/20200118_145818-1024x498.jpg\" alt=\"\" class=\"wp-image-573\" width=\"268\" height=\"130\" srcset=\"https:\/\/auszeit.maurer-weber.ch\/wp-content\/uploads\/2020\/01\/20200118_145818-1024x498.jpg 1024w, https:\/\/auszeit.maurer-weber.ch\/wp-content\/uploads\/2020\/01\/20200118_145818-300x146.jpg 300w, https:\/\/auszeit.maurer-weber.ch\/wp-content\/uploads\/2020\/01\/20200118_145818-768x373.jpg 768w, https:\/\/auszeit.maurer-weber.ch\/wp-content\/uploads\/2020\/01\/20200118_145818-1536x747.jpg 1536w, https:\/\/auszeit.maurer-weber.ch\/wp-content\/uploads\/2020\/01\/20200118_145818-2048x996.jpg 2048w, https:\/\/auszeit.maurer-weber.ch\/wp-content\/uploads\/2020\/01\/20200118_145818-1200x583.jpg 1200w\" sizes=\"auto, (max-width: 268px) 85vw, 268px\" \/><\/figure><\/div>\n\n\n\n<p>Wir fuhren zum Weingut Fairview, in welchem wir sowohl Wein (sieben verschiedene) als auch K\u00e4se (zw\u00f6lf Sorten) degustieren konnten. Insbesondere der Fetak\u00e4se mit Oliven hat mich zum schw\u00e4rmen gebracht, die verschiedenen Weine konnte ich irgendwie gar nicht mehr richtig auseinander halten, dies war einfach zuviel f\u00fcr meinen Gaumen&#8230; <\/p>\n\n\n\n<p>Danach ging es wieder zur\u00fcck nach Kapstadt. Dieser Ausflug hat mir wirklich gut gefallen (kein Wunder :-), nach zwanzig verschiedenen Weinen) und ich hatte das Gef\u00fchl, mein Englisch habe sich an diesem Tag Stunde f\u00fcr Stunde verbessert, ich sprach am Schluss fliessend \ud83d\ude42 \ud83d\ude42 \ud83d\ude42 Aber es war ein harter Tag, wie das Foto beweisst&#8230;<\/p>\n\n\n\n<figure class=\"wp-block-image size-large\"><img loading=\"lazy\" decoding=\"async\" width=\"1024\" height=\"576\" src=\"https:\/\/auszeit.maurer-weber.ch\/wp-content\/uploads\/2020\/01\/20200118_163307-1024x576.jpg\" alt=\"\" class=\"wp-image-572\" srcset=\"https:\/\/auszeit.maurer-weber.ch\/wp-content\/uploads\/2020\/01\/20200118_163307-1024x576.jpg 1024w, https:\/\/auszeit.maurer-weber.ch\/wp-content\/uploads\/2020\/01\/20200118_163307-300x169.jpg 300w, https:\/\/auszeit.maurer-weber.ch\/wp-content\/uploads\/2020\/01\/20200118_163307-768x432.jpg 768w, https:\/\/auszeit.maurer-weber.ch\/wp-content\/uploads\/2020\/01\/20200118_163307-1536x864.jpg 1536w, https:\/\/auszeit.maurer-weber.ch\/wp-content\/uploads\/2020\/01\/20200118_163307-2048x1152.jpg 2048w, https:\/\/auszeit.maurer-weber.ch\/wp-content\/uploads\/2020\/01\/20200118_163307-1200x675.jpg 1200w\" sizes=\"auto, (max-width: 709px) 85vw, (max-width: 909px) 67vw, (max-width: 1362px) 62vw, 840px\" \/><\/figure>\n","protected":false},"excerpt":{"rendered":"<p>Da S\u00fcdafrika so bekannt f\u00fcr seine Weine ist, wollte ich es nicht missen, die Weingebiete zu besichtigen und auch den dortigen Wein kennen zu lernen. So meldete ich mich f\u00fcr Samstag f\u00fcr einen eint\u00e4gigen &#8222;whine tasting Ausflug&#8220; an, welcher von der Schule angeboten wurde. Wir f\u00fchren um ca. 9 Uhr von Kapstadt los und trafen &hellip; <a href=\"https:\/\/auszeit.maurer-weber.ch\/?p=570\" class=\"more-link\"><span class=\"screen-reader-text\">\u201eWine tasting\u201c <\/span>weiterlesen<\/a><\/p>\n","protected":false},"author":2,"featured_media":0,"comment_status":"open","ping_status":"open","sticky":false,"template":"","format":"standard","meta":{"footnotes":""},"categories":[6],"tags":[],"class_list":["post-570","post","type-post","status-publish","format-standard","hentry","category-suedafrika"],"_links":{"self":[{"href":"https:\/\/auszeit.maurer-weber.ch\/index.php?rest_route=\/wp\/v2\/posts\/570","targetHints":{"allow":["GET"]}}],"collection":[{"href":"https:\/\/auszeit.maurer-weber.ch\/index.php?rest_route=\/wp\/v2\/posts"}],"about":[{"href":"https:\/\/auszeit.maurer-weber.ch\/index.php?rest_route=\/wp\/v2\/types\/post"}],"author":[{"embeddable":true,"href":"https:\/\/auszeit.maurer-weber.ch\/index.php?rest_route=\/wp\/v2\/users\/2"}],"replies":[{"embeddable":true,"href":"https:\/\/auszeit.maurer-weber.ch\/index.php?rest_route=%2Fwp%2Fv2%2Fcomments&post=570"}],"version-history":[{"count":3,"href":"https:\/\/auszeit.maurer-weber.ch\/index.php?rest_route=\/wp\/v2\/posts\/570\/revisions"}],"predecessor-version":[{"id":579,"href":"https:\/\/auszeit.maurer-weber.ch\/index.php?rest_route=\/wp\/v2\/posts\/570\/revisions\/579"}],"wp:attachment":[{"href":"https:\/\/auszeit.maurer-weber.ch\/index.php?rest_route=%2Fwp%2Fv2%2Fmedia&parent=570"}],"wp:term":[{"taxonomy":"category","embeddable":true,"href":"https:\/\/auszeit.maurer-weber.ch\/index.php?rest_route=%2Fwp%2Fv2%2Fcategories&post=570"},{"taxonomy":"post_tag","embeddable":true,"href":"https:\/\/auszeit.maurer-weber.ch\/index.php?rest_route=%2Fwp%2Fv2%2Ftags&post=570"}],"curies":[{"name":"wp","href":"https:\/\/api.w.org\/{rel}","templated":true}]}}