{"id":469,"date":"2019-12-12T11:42:43","date_gmt":"2019-12-12T11:42:43","guid":{"rendered":"https:\/\/auszeit.maurer-weber.ch\/?p=469"},"modified":"2019-12-13T09:21:55","modified_gmt":"2019-12-13T09:21:55","slug":"perth-rottnest-island","status":"publish","type":"post","link":"https:\/\/auszeit.maurer-weber.ch\/?p=469","title":{"rendered":"Perth &#038; Rottnest Island"},"content":{"rendered":"\n<p>Perth ist eine tolle Stadt. Irgendwie richtig friedlich. Nach der Zugfahrt hatten wir wieder richtig Lust, eine Stadt zu besichtigen. Perth kam da gerade richtig. Doch irgendwie war erstaunlich viel los, viele Leute sassen am Strassenrand und warteten auf etwas&#8230; bald merkten wir auch worauf: am Abend fand der Weihnachtsumzug statt&#8230; das wollten wir nat\u00fcrlich nicht verpassen. Also kurz zur\u00fcck ins Hotel und auf ins Get\u00fcmmel. <\/p>\n\n\n\n<div class=\"wp-block-image\"><figure class=\"alignright is-resized\"><img loading=\"lazy\" decoding=\"async\" src=\"https:\/\/auszeit.maurer-weber.ch\/wp-content\/uploads\/2019\/12\/20191207_201130-1024x498.jpg\" alt=\"\" class=\"wp-image-472\" width=\"376\" height=\"183\" srcset=\"https:\/\/auszeit.maurer-weber.ch\/wp-content\/uploads\/2019\/12\/20191207_201130-1024x498.jpg 1024w, https:\/\/auszeit.maurer-weber.ch\/wp-content\/uploads\/2019\/12\/20191207_201130-300x146.jpg 300w, https:\/\/auszeit.maurer-weber.ch\/wp-content\/uploads\/2019\/12\/20191207_201130-768x373.jpg 768w, https:\/\/auszeit.maurer-weber.ch\/wp-content\/uploads\/2019\/12\/20191207_201130-1200x583.jpg 1200w\" sizes=\"auto, (max-width: 376px) 85vw, 376px\" \/><\/figure><\/div>\n\n\n\n<p>Nat\u00fcrlich waren wir viel zu sp\u00e4t f\u00fcr einen Platz vorne am Geschehen, doch wir konnten beim Beginn der Parade einen erh\u00f6hten Platz ergattern und so doch einen Teil der Parade bestaunen. Keine Ahnung, wie viele Gruppen da mit gemacht haben, aber es h\u00f6rte nicht auch&#8230; Auch die Wagen, auf denen (mehr oder weniger) weihnachtliche Sujets  gezeigt wurden, waren sehr aufw\u00e4ndig gestaltet und spannend anzuschauen. <\/p>\n\n\n\n<figure class=\"wp-block-image\"><img loading=\"lazy\" decoding=\"async\" width=\"1024\" height=\"498\" src=\"https:\/\/auszeit.maurer-weber.ch\/wp-content\/uploads\/2019\/12\/20191207_211445-1024x498.jpg\" alt=\"\" class=\"wp-image-473\" srcset=\"https:\/\/auszeit.maurer-weber.ch\/wp-content\/uploads\/2019\/12\/20191207_211445-1024x498.jpg 1024w, https:\/\/auszeit.maurer-weber.ch\/wp-content\/uploads\/2019\/12\/20191207_211445-300x146.jpg 300w, https:\/\/auszeit.maurer-weber.ch\/wp-content\/uploads\/2019\/12\/20191207_211445-768x373.jpg 768w, https:\/\/auszeit.maurer-weber.ch\/wp-content\/uploads\/2019\/12\/20191207_211445-1200x583.jpg 1200w\" sizes=\"auto, (max-width: 709px) 85vw, (max-width: 909px) 67vw, (max-width: 1362px) 62vw, 840px\" \/><\/figure>\n\n\n\n<p>Auch sonst war die ganze Stadt bereits sehr weihnachtlich geschm\u00fcckt, dies bei ca. 35 Grad Celsius&#8230; Irgendwie speziell&#8230; Neben der Weihnachtsdekoration ist Perth aber auch sehenswert. Vom Kings Garden hat man einen tollen Ausblick \u00fcber die Stadt und am Swan River l\u00e4sst es sich herrlich flanieren. Sch\u00f6n, dass wir am Ende unserer Reise nochmals in dieser Stadt einen Halt machen werden.<\/p>\n\n\n\n<figure class=\"wp-block-image\"><img loading=\"lazy\" decoding=\"async\" width=\"1024\" height=\"498\" src=\"https:\/\/auszeit.maurer-weber.ch\/wp-content\/uploads\/2019\/12\/20191208_111539-1024x498.jpg\" alt=\"\" class=\"wp-image-474\" srcset=\"https:\/\/auszeit.maurer-weber.ch\/wp-content\/uploads\/2019\/12\/20191208_111539-1024x498.jpg 1024w, https:\/\/auszeit.maurer-weber.ch\/wp-content\/uploads\/2019\/12\/20191208_111539-300x146.jpg 300w, https:\/\/auszeit.maurer-weber.ch\/wp-content\/uploads\/2019\/12\/20191208_111539-768x373.jpg 768w, https:\/\/auszeit.maurer-weber.ch\/wp-content\/uploads\/2019\/12\/20191208_111539-1200x583.jpg 1200w\" sizes=\"auto, (max-width: 709px) 85vw, (max-width: 909px) 67vw, (max-width: 1362px) 62vw, 840px\" \/><\/figure>\n\n\n\n<div class=\"wp-block-image\"><figure class=\"alignright is-resized\"><img loading=\"lazy\" decoding=\"async\" src=\"https:\/\/auszeit.maurer-weber.ch\/wp-content\/uploads\/2019\/12\/20191209_123252-1024x498.jpg\" alt=\"\" class=\"wp-image-476\" width=\"322\" height=\"156\" srcset=\"https:\/\/auszeit.maurer-weber.ch\/wp-content\/uploads\/2019\/12\/20191209_123252-1024x498.jpg 1024w, https:\/\/auszeit.maurer-weber.ch\/wp-content\/uploads\/2019\/12\/20191209_123252-300x146.jpg 300w, https:\/\/auszeit.maurer-weber.ch\/wp-content\/uploads\/2019\/12\/20191209_123252-768x373.jpg 768w, https:\/\/auszeit.maurer-weber.ch\/wp-content\/uploads\/2019\/12\/20191209_123252-1200x583.jpg 1200w\" sizes=\"auto, (max-width: 322px) 85vw, 322px\" \/><\/figure><\/div>\n\n\n\n<p>Nach Perth ging es auf Rottnest Island. Eine Insel ca. 20km vor Perth, welche f\u00fcr die Quokkas (Kurzschwanzk\u00e4nguru) bekannt ist. Diese kleinen Tiere, welche mit Ihrem langen Schwanz tats\u00e4chlich an grosse Ratten erinnern, sind hier \u00fcberall anzutreffen. <\/p>\n\n\n\n<p>Wir \u00fcbernachteten f\u00fcr zwei N\u00e4chte in einem Zelt. Eigentlich sind wir uns dies ja gewohnt, trotzdem erhoffte ich mir genug Komfort&#8230; ich buchte sogar noch ein Upgrade dazu, da 3m x 3m irgendwie klein erschien&#8230; Es kam viel besser als erwartet, nicht Camping sondern Glamping war angesagt! Grosses Zelt inkl. eigenem Bad und K\u00fcche&#8230; so liess es sich sehr gut leben!<\/p>\n\n\n\n<figure class=\"wp-block-image\"><img loading=\"lazy\" decoding=\"async\" width=\"1024\" height=\"498\" src=\"https:\/\/auszeit.maurer-weber.ch\/wp-content\/uploads\/2019\/12\/20191210_165506-1024x498.jpg\" alt=\"\" class=\"wp-image-475\" srcset=\"https:\/\/auszeit.maurer-weber.ch\/wp-content\/uploads\/2019\/12\/20191210_165506-1024x498.jpg 1024w, https:\/\/auszeit.maurer-weber.ch\/wp-content\/uploads\/2019\/12\/20191210_165506-300x146.jpg 300w, https:\/\/auszeit.maurer-weber.ch\/wp-content\/uploads\/2019\/12\/20191210_165506-768x373.jpg 768w, https:\/\/auszeit.maurer-weber.ch\/wp-content\/uploads\/2019\/12\/20191210_165506-1200x583.jpg 1200w\" sizes=\"auto, (max-width: 709px) 85vw, (max-width: 909px) 67vw, (max-width: 1362px) 62vw, 840px\" \/><\/figure>\n\n\n\n<div class=\"wp-block-image\"><figure class=\"alignright is-resized\"><img loading=\"lazy\" decoding=\"async\" src=\"https:\/\/auszeit.maurer-weber.ch\/wp-content\/uploads\/2019\/12\/20191210_133341-1024x498.jpg\" alt=\"\" class=\"wp-image-477\" width=\"360\" height=\"174\" srcset=\"https:\/\/auszeit.maurer-weber.ch\/wp-content\/uploads\/2019\/12\/20191210_133341-1024x498.jpg 1024w, https:\/\/auszeit.maurer-weber.ch\/wp-content\/uploads\/2019\/12\/20191210_133341-300x146.jpg 300w, https:\/\/auszeit.maurer-weber.ch\/wp-content\/uploads\/2019\/12\/20191210_133341-768x373.jpg 768w, https:\/\/auszeit.maurer-weber.ch\/wp-content\/uploads\/2019\/12\/20191210_133341-1200x583.jpg 1200w\" sizes=\"auto, (max-width: 360px) 85vw, 360px\" \/><\/figure><\/div>\n\n\n\n<p>Unsere Tour auf die Insel beinhaltete Fahrr\u00e4der und Schnorchelausr\u00fcstung. Damit machten wir uns auf den Weg an die herrlich weissen Sandstr\u00e4nde. Wir ben\u00f6tigten ein wenig Zeit, um mit Schnorcheln und Flossen gut umgehen zu k\u00f6nnen, tauchten aber dann immer mehr in die Wasserwelt ein. Das klare Wasser erm\u00f6glichte uns, viele Fische zu beobachten. Wirklich eine tolle Erfahrung. Auch am zweiten Tag genossen wir nochmals die sch\u00f6nen Str\u00e4nde und das warme Wetter.<\/p>\n\n\n\n<p>Nach der R\u00fcckfahrt mit der F\u00e4hre, starten wir die letzte Etappe der Reise. Mit einem Mietauto in Richtung S\u00fcden und dann der K\u00fcste entlang wieder nach Perth. Doch davon sp\u00e4ter&#8230;<\/p>\n","protected":false},"excerpt":{"rendered":"<p>Perth ist eine tolle Stadt. Irgendwie richtig friedlich. Nach der Zugfahrt hatten wir wieder richtig Lust, eine Stadt zu besichtigen. Perth kam da gerade richtig. Doch irgendwie war erstaunlich viel los, viele Leute sassen am Strassenrand und warteten auf etwas&#8230; bald merkten wir auch worauf: am Abend fand der Weihnachtsumzug statt&#8230; das wollten wir nat\u00fcrlich &hellip; <a href=\"https:\/\/auszeit.maurer-weber.ch\/?p=469\" class=\"more-link\"><span class=\"screen-reader-text\">\u201ePerth &#038; Rottnest Island\u201c <\/span>weiterlesen<\/a><\/p>\n","protected":false},"author":2,"featured_media":0,"comment_status":"open","ping_status":"open","sticky":false,"template":"","format":"standard","meta":{"footnotes":""},"categories":[5],"tags":[],"class_list":["post-469","post","type-post","status-publish","format-standard","hentry","category-australien"],"_links":{"self":[{"href":"https:\/\/auszeit.maurer-weber.ch\/index.php?rest_route=\/wp\/v2\/posts\/469","targetHints":{"allow":["GET"]}}],"collection":[{"href":"https:\/\/auszeit.maurer-weber.ch\/index.php?rest_route=\/wp\/v2\/posts"}],"about":[{"href":"https:\/\/auszeit.maurer-weber.ch\/index.php?rest_route=\/wp\/v2\/types\/post"}],"author":[{"embeddable":true,"href":"https:\/\/auszeit.maurer-weber.ch\/index.php?rest_route=\/wp\/v2\/users\/2"}],"replies":[{"embeddable":true,"href":"https:\/\/auszeit.maurer-weber.ch\/index.php?rest_route=%2Fwp%2Fv2%2Fcomments&post=469"}],"version-history":[{"count":4,"href":"https:\/\/auszeit.maurer-weber.ch\/index.php?rest_route=\/wp\/v2\/posts\/469\/revisions"}],"predecessor-version":[{"id":482,"href":"https:\/\/auszeit.maurer-weber.ch\/index.php?rest_route=\/wp\/v2\/posts\/469\/revisions\/482"}],"wp:attachment":[{"href":"https:\/\/auszeit.maurer-weber.ch\/index.php?rest_route=%2Fwp%2Fv2%2Fmedia&parent=469"}],"wp:term":[{"taxonomy":"category","embeddable":true,"href":"https:\/\/auszeit.maurer-weber.ch\/index.php?rest_route=%2Fwp%2Fv2%2Fcategories&post=469"},{"taxonomy":"post_tag","embeddable":true,"href":"https:\/\/auszeit.maurer-weber.ch\/index.php?rest_route=%2Fwp%2Fv2%2Ftags&post=469"}],"curies":[{"name":"wp","href":"https:\/\/api.w.org\/{rel}","templated":true}]}}