{"id":297,"date":"2019-09-23T01:49:52","date_gmt":"2019-09-23T01:49:52","guid":{"rendered":"https:\/\/auszeit.maurer-weber.ch\/?p=297"},"modified":"2019-09-23T01:59:49","modified_gmt":"2019-09-23T01:59:49","slug":"fort-myers","status":"publish","type":"post","link":"https:\/\/auszeit.maurer-weber.ch\/?p=297","title":{"rendered":"Fort Myers"},"content":{"rendered":"\n<div class=\"wp-block-image\"><figure class=\"alignright is-resized\"><img loading=\"lazy\" decoding=\"async\" src=\"https:\/\/auszeit.maurer-weber.ch\/wp-content\/uploads\/2019\/09\/20190921_091634-1024x498.jpg\" alt=\"\" class=\"wp-image-301\" width=\"350\" height=\"170\" srcset=\"https:\/\/auszeit.maurer-weber.ch\/wp-content\/uploads\/2019\/09\/20190921_091634-1024x498.jpg 1024w, https:\/\/auszeit.maurer-weber.ch\/wp-content\/uploads\/2019\/09\/20190921_091634-300x146.jpg 300w, https:\/\/auszeit.maurer-weber.ch\/wp-content\/uploads\/2019\/09\/20190921_091634-768x373.jpg 768w, https:\/\/auszeit.maurer-weber.ch\/wp-content\/uploads\/2019\/09\/20190921_091634-1200x583.jpg 1200w\" sizes=\"auto, (max-width: 350px) 85vw, 350px\" \/><\/figure><\/div>\n\n\n\n<p>Nach der kleinen Entt\u00e4uschung in Everglades City freute ich mich auf den zweiten Besuch von Naples. Und tats\u00e4chlich, auch dieses Mal wieder Delphine! Nicht mehr ganz so nahe, aber immer noch hervorragend anzuschauen! Ich weiss nicht, was mich so ber\u00fchrt, wenn ich freischwimmende Delphine sehe, aber ich k\u00f6nnte einfach stundenlang zusehen. <\/p>\n\n\n\n<div class=\"wp-block-image\"><figure class=\"alignright is-resized\"><img loading=\"lazy\" decoding=\"async\" src=\"https:\/\/auszeit.maurer-weber.ch\/wp-content\/uploads\/2019\/09\/Edison-2-1024x498.jpg\" alt=\"\" class=\"wp-image-299\" width=\"344\" height=\"167\" srcset=\"https:\/\/auszeit.maurer-weber.ch\/wp-content\/uploads\/2019\/09\/Edison-2-1024x498.jpg 1024w, https:\/\/auszeit.maurer-weber.ch\/wp-content\/uploads\/2019\/09\/Edison-2-300x146.jpg 300w, https:\/\/auszeit.maurer-weber.ch\/wp-content\/uploads\/2019\/09\/Edison-2-768x373.jpg 768w, https:\/\/auszeit.maurer-weber.ch\/wp-content\/uploads\/2019\/09\/Edison-2-1200x583.jpg 1200w\" sizes=\"auto, (max-width: 344px) 85vw, 344px\" \/><\/figure><\/div>\n\n\n\n<p>Doch ich wollte ja weiter nach Ford Myers (ein Tipp von Flavia). Im Reisef\u00fchrer las ich, dass dort die Winterresidenz von Thomas Edison und Henry Ford war. Nat\u00fcrlich musste ich das Museum und die Wohnh\u00e4user besuchen. Eine interessante F\u00fchrung brachte uns die damalige Zeit n\u00e4her. Als die beiden nach Fort Myers kamen, waren sie schon sehr reich. Das Anwesen ist riesig und man konnte auch einige Ausstellungsst\u00fccke und das Labor bewundern. Dazu gab es damals einen exotischen Park, nicht weil Edison Freude daran hatte, sondern weil er zusammen mit Ford und Firestone m\u00f6gliche Pflanzen f\u00fcr den Anbau von Naturgummi suchte. Ein sehr vielf\u00e4ltiger Forscher.<\/p>\n\n\n\n<p>Die Stadt Fort Myers selbst hat mir nicht so gefallen und so fuhr ich zum Motel auf Mort Myers Beach&#8230; Der Tipp von Flavia war aber so richtig gut! Danke! Weisser Strand, ruhiges Meer, viele V\u00f6gel und am Abend einen unglaublichen Sonnenuntergang&#8230; Da buchte ich spontan noch eine Nacht. Am zweiten Tag begann ich mich ein wenig f\u00fcr die R\u00fcckreise vorzubereiten und am Abend folgte der obligate Sonnenuntergang. Alleine daf\u00fcr muss ich wieder einmal nach Florida!<\/p>\n\n\n\n<figure class=\"wp-block-image\"><img loading=\"lazy\" decoding=\"async\" width=\"1024\" height=\"498\" src=\"https:\/\/auszeit.maurer-weber.ch\/wp-content\/uploads\/2019\/09\/Sonnenuntergang-1-1024x498.jpg\" alt=\"\" class=\"wp-image-298\" srcset=\"https:\/\/auszeit.maurer-weber.ch\/wp-content\/uploads\/2019\/09\/Sonnenuntergang-1-1024x498.jpg 1024w, https:\/\/auszeit.maurer-weber.ch\/wp-content\/uploads\/2019\/09\/Sonnenuntergang-1-300x146.jpg 300w, https:\/\/auszeit.maurer-weber.ch\/wp-content\/uploads\/2019\/09\/Sonnenuntergang-1-768x373.jpg 768w, https:\/\/auszeit.maurer-weber.ch\/wp-content\/uploads\/2019\/09\/Sonnenuntergang-1-1200x583.jpg 1200w\" sizes=\"auto, (max-width: 709px) 85vw, (max-width: 909px) 67vw, (max-width: 1362px) 62vw, 840px\" \/><\/figure>\n\n\n\n<p>Morgen geht es wieder an die Ostk\u00fcste nach Palm Beach (hoffentlich kann ich dort nochmals einen sch\u00f6nern Sonnenaufgang geniessen) und danach direkt zum Flughafen&#8230; <\/p>\n","protected":false},"excerpt":{"rendered":"<p>Nach der kleinen Entt\u00e4uschung in Everglades City freute ich mich auf den zweiten Besuch von Naples. Und tats\u00e4chlich, auch dieses Mal wieder Delphine! Nicht mehr ganz so nahe, aber immer noch hervorragend anzuschauen! Ich weiss nicht, was mich so ber\u00fchrt, wenn ich freischwimmende Delphine sehe, aber ich k\u00f6nnte einfach stundenlang zusehen. Doch ich wollte ja &hellip; <a href=\"https:\/\/auszeit.maurer-weber.ch\/?p=297\" class=\"more-link\"><span class=\"screen-reader-text\">\u201eFort Myers\u201c <\/span>weiterlesen<\/a><\/p>\n","protected":false},"author":2,"featured_media":0,"comment_status":"open","ping_status":"open","sticky":false,"template":"","format":"standard","meta":{"footnotes":""},"categories":[4],"tags":[],"class_list":["post-297","post","type-post","status-publish","format-standard","hentry","category-florida"],"_links":{"self":[{"href":"https:\/\/auszeit.maurer-weber.ch\/index.php?rest_route=\/wp\/v2\/posts\/297","targetHints":{"allow":["GET"]}}],"collection":[{"href":"https:\/\/auszeit.maurer-weber.ch\/index.php?rest_route=\/wp\/v2\/posts"}],"about":[{"href":"https:\/\/auszeit.maurer-weber.ch\/index.php?rest_route=\/wp\/v2\/types\/post"}],"author":[{"embeddable":true,"href":"https:\/\/auszeit.maurer-weber.ch\/index.php?rest_route=\/wp\/v2\/users\/2"}],"replies":[{"embeddable":true,"href":"https:\/\/auszeit.maurer-weber.ch\/index.php?rest_route=%2Fwp%2Fv2%2Fcomments&post=297"}],"version-history":[{"count":2,"href":"https:\/\/auszeit.maurer-weber.ch\/index.php?rest_route=\/wp\/v2\/posts\/297\/revisions"}],"predecessor-version":[{"id":303,"href":"https:\/\/auszeit.maurer-weber.ch\/index.php?rest_route=\/wp\/v2\/posts\/297\/revisions\/303"}],"wp:attachment":[{"href":"https:\/\/auszeit.maurer-weber.ch\/index.php?rest_route=%2Fwp%2Fv2%2Fmedia&parent=297"}],"wp:term":[{"taxonomy":"category","embeddable":true,"href":"https:\/\/auszeit.maurer-weber.ch\/index.php?rest_route=%2Fwp%2Fv2%2Fcategories&post=297"},{"taxonomy":"post_tag","embeddable":true,"href":"https:\/\/auszeit.maurer-weber.ch\/index.php?rest_route=%2Fwp%2Fv2%2Ftags&post=297"}],"curies":[{"name":"wp","href":"https:\/\/api.w.org\/{rel}","templated":true}]}}