{"id":271,"date":"2019-09-18T01:53:29","date_gmt":"2019-09-18T01:53:29","guid":{"rendered":"https:\/\/auszeit.maurer-weber.ch\/?p=271"},"modified":"2019-09-20T23:07:33","modified_gmt":"2019-09-20T23:07:33","slug":"everglades-i","status":"publish","type":"post","link":"https:\/\/auszeit.maurer-weber.ch\/?p=271","title":{"rendered":"Everglades I (Flamingo)"},"content":{"rendered":"\n<p>Am Montag ging ich bereits das erste Mal in den Everglades National Park. Beim Recherchieren im Internet fand ich einen interessanten Walk mit einem Park-Ranger, welcher um 10:30 Uhr startete. Ich war bereits um ca. 10 Uhr dort und habe es nicht bereut. Der Ranger versuchte gerade, eine kleine Klapperschlange vom Touristenplatz weg zu bewegen. Tats\u00e4chlich verschwand sie dann nach einigen Minuten (und Fotosessions mit mir) tats\u00e4chlich im Geb\u00fcsch. Ein Blick ins Geb\u00fcsch liess mich dann auch bereits den ersten Alligator . Er lag ganz friedlich hinter einem kleinen Steinm\u00e4uerchen im Schatten eines Busches.  Und dies alles bevor ich auf den Walk mit dem Ranger ging&#8230; Die Erwartungen waren hoch&#8230;<\/p>\n\n\n\n<p>Auf dem Walk erl\u00e4uterte der Ranger viele interessante Fakten \u00fcber die Everglades, die Alligatoren, V\u00f6gel, Pflanzen, etc. W\u00e4hrend dem wandern sahen wir mehrere Alligatoren rumliegen. Obwohl der September eigentlich eine schlechte Zeit ist, um Alligatoren zu sehen, sahen wir w\u00e4hrend dem Wandern durch den Park mehrere Exemplare. Meistens jedoch nur teilweise, da der Rest im Wasser oder unter einem Steg war.  Die Zeit war jedoch optimal um Baby-Alligatoren zu sehen! Da konnten wir einige von  den noch gelb\/schwarz gestreiften Minialligatoren (ca. 30cm lang) beobachten. Dieser Ausflug war sehr aufschlussreich und lohnenswert.<\/p>\n\n\n\n<p>Nicht so lohnenswert war der Ausflug am Nachmittag in eine Alligatorfarm. Obwohl ich mich beim Ranger vorg\u00e4ngig \u00fcber die Sinnhaftigkeit solcher Farmen informiert hatte und er dies eine gute Sache fand, war dies nichts f\u00fcr mich. Ich konnte zwar sehr viele Alligatoren von klein bis gross beobachten, aber nat\u00fcrlich eingesperrt. Dazu noch eine Alligatorshow, welche mir gar nicht gefallen hat, eine Tour mit einem Airboot, welches viel zu laut f\u00fcr die bewundernswerte Umgebung war und das F\u00fcttern der Alligatoren. Da waren mir die freilebenden Tiere bedeutend lieber.<\/p>\n\n\n\n<p>Am Abend kamen Dani und Katja von Key West wieder zur\u00fcck und so gingen wir am Dienstag nochmals in die Everglades. Ich hatte so geschw\u00e4rmt, von diesem Rangerwalk, dass sie diesen auch machen wollten. So kam ich in den Genuss einer zweiten Runde. Kein Problem, es f\u00fchrte ein anderer Ranger und so gab es wieder ganz viele neue Inputs. Wir konnten die Alligatoren sogar noch besser sehen als am Tag zuvor. <\/p>\n\n\n\n<p>Diesmal fuhren wir mit dem Auto noch weiter in Park hinein bis hinunter nach Flamingo. Dieser Punkt liegt ganz im S\u00fcden der Everglades am Meer. Dadurch sind die Everglades im s\u00fcndlichen Bereich mit Salzwasser vermischt und deshalb ist dort das Krokodil heimisch. Es gibt sogar Bereiche in den Everglades, in welchen sowohl der S\u00fcsswasser Alligator als auch das Salzwasser Krokodil nebeneinander zu beobachten sind. Bei der Ankunft wurden wir zuerst von Manatees  (Seek\u00fche) \u00fcberrascht, welche zwischen den Bootanlegestellen schwamen und kaum waren wir einige Meter gelaufen, schwamm auch noch ein Krokodil an uns vorbei. Katja und ich buchten eine Bootstour und konnten nochmals die Sch\u00f6nheit dieser Naturlandschaft bewundern. Tiere sahen wir leider sehr wenige.<\/p>\n\n\n\n<p>Nach diesem ereignisreichen Tag verabschiedete ich mich von Dani und Katja. Sie flogen weiter nach Las Vegas und ich machte mich auf den Weg zu Key West. Ich hatte in Marathon ein Cottage reserviert. \u00dcberrascht musste ich feststellen, dass dieses nicht nur sehr einfach war (kein Problem, da sauber) sondern auch, dass Dusche, WC, Lavabo im Freien installiert waren. Tja, nicht ganz nach meinem Geschmack aber f\u00fcr eine Nacht wohl kein Problem&#8230;  Daf\u00fcr war der Sonnenuntergang bereits legend\u00e4r! Wie im Internet beschrieben sinkt die Sonne feuerrot in das Meer! Morgen gehts dann weiter nach Key West&#8230;<\/p>\n","protected":false},"excerpt":{"rendered":"<p>Am Montag ging ich bereits das erste Mal in den Everglades National Park. Beim Recherchieren im Internet fand ich einen interessanten Walk mit einem Park-Ranger, welcher um 10:30 Uhr startete. Ich war bereits um ca. 10 Uhr dort und habe es nicht bereut. Der Ranger versuchte gerade, eine kleine Klapperschlange vom Touristenplatz weg zu bewegen. &hellip; <a href=\"https:\/\/auszeit.maurer-weber.ch\/?p=271\" class=\"more-link\"><span class=\"screen-reader-text\">\u201eEverglades I (Flamingo)\u201c <\/span>weiterlesen<\/a><\/p>\n","protected":false},"author":2,"featured_media":0,"comment_status":"open","ping_status":"open","sticky":false,"template":"","format":"standard","meta":{"footnotes":""},"categories":[4],"tags":[],"class_list":["post-271","post","type-post","status-publish","format-standard","hentry","category-florida"],"_links":{"self":[{"href":"https:\/\/auszeit.maurer-weber.ch\/index.php?rest_route=\/wp\/v2\/posts\/271","targetHints":{"allow":["GET"]}}],"collection":[{"href":"https:\/\/auszeit.maurer-weber.ch\/index.php?rest_route=\/wp\/v2\/posts"}],"about":[{"href":"https:\/\/auszeit.maurer-weber.ch\/index.php?rest_route=\/wp\/v2\/types\/post"}],"author":[{"embeddable":true,"href":"https:\/\/auszeit.maurer-weber.ch\/index.php?rest_route=\/wp\/v2\/users\/2"}],"replies":[{"embeddable":true,"href":"https:\/\/auszeit.maurer-weber.ch\/index.php?rest_route=%2Fwp%2Fv2%2Fcomments&post=271"}],"version-history":[{"count":3,"href":"https:\/\/auszeit.maurer-weber.ch\/index.php?rest_route=\/wp\/v2\/posts\/271\/revisions"}],"predecessor-version":[{"id":294,"href":"https:\/\/auszeit.maurer-weber.ch\/index.php?rest_route=\/wp\/v2\/posts\/271\/revisions\/294"}],"wp:attachment":[{"href":"https:\/\/auszeit.maurer-weber.ch\/index.php?rest_route=%2Fwp%2Fv2%2Fmedia&parent=271"}],"wp:term":[{"taxonomy":"category","embeddable":true,"href":"https:\/\/auszeit.maurer-weber.ch\/index.php?rest_route=%2Fwp%2Fv2%2Fcategories&post=271"},{"taxonomy":"post_tag","embeddable":true,"href":"https:\/\/auszeit.maurer-weber.ch\/index.php?rest_route=%2Fwp%2Fv2%2Ftags&post=271"}],"curies":[{"name":"wp","href":"https:\/\/api.w.org\/{rel}","templated":true}]}}