{"id":164,"date":"2019-08-26T13:21:21","date_gmt":"2019-08-26T13:21:21","guid":{"rendered":"https:\/\/auszeit.maurer-weber.ch\/?p=164"},"modified":"2019-09-07T01:47:16","modified_gmt":"2019-09-07T01:47:16","slug":"richtung-atlantik","status":"publish","type":"post","link":"https:\/\/auszeit.maurer-weber.ch\/?p=164","title":{"rendered":"Richtung Atlantik"},"content":{"rendered":"\n<p>Am Sonntag\nfuhren wir durch den westlichen Teil des \u00c4rmelkanals. Wir \u00fcberquerten um ca.\n8:45 Uhr den Nullmeridian, was mich veranlasste, ein kurzes Fr\u00fchst\u00fcck zu\nnehmen, damit ich rechtzeitig wieder auf der Br\u00fccke war um auf dem GPS System\nmitzuverfolgen, wie die Richtungsangabe der Koordinate von E auf W wechselte&#8230;<\/p>\n\n\n\n<p>Tags\u00fcber\nfuhren wir an der englischen K\u00fcste entlang, wobei sie selten zu sehen war.\nImmer noch waren aber viele Schiffe mit uns unterwegs und wir konnten auch\nwieder Windfarmen und Bohrt\u00fcrme beobachten.<\/p>\n\n\n\n<p>Einer der\nAttraktionen neben der spannenden Technik und der bet\u00f6renden Natur ist jeweils\ndas Essen. Zum Abendessen gab es zur Vorspeise Lachs und ein rum\u00e4nischer\nKartoffelsalat, anschliessend ein Cheeseburger mit Spaghetti Carbonara\u2026 Eine\nspezielle Kombination aber sehr k\u00f6stlich und vor allem s\u00e4ttigend\u2026<\/p>\n\n\n\n<p>Wir sind\nnun zu Dritt als Passagiere auf dem Schiff. Gustl, ein pensionierter Zoologe\nund Verhaltensforscher, der lange an der Uni Z\u00fcrich dozierte auf der Reise zu\nFreunden in Amerika und Hanna, eine Norwegerin, welche jedoch schon \u00fcber 20\nJahre in England gelebt hat und immer wieder die Welt bereist. Wir sind eine\ngute Gruppe und vor allem mit Gustl kann ich mich sehr gut unterhalten (nicht\nnur aufgrund der Sprache, wir verstehen uns auch sonst sehr gut und es gibt bereits\nspannende Gespr\u00e4che)<\/p>\n\n\n\n<p>Den Sonntagabend\ngenoss ich auf der Br\u00fccke. Einige Wolkenfelder tauchten auf und es ergab sich wie\nimmer eine wunderbare Stimmung am Horizont. Der dritte Offizier hat mir\naufgezeigt, wie gross der Treibstoffverbrauch in etwa ist. Pro Tag ben\u00f6tigt das\nSchiff ca. 60 \u2013 70 Tonnen Schwer\u00f6l. Dabei legt es ca. 650km zur\u00fcck. Dies\nentspricht einem Verbrauch von ca. 10t pro 100km oder ca. 100l f\u00fcr einen\nKilometer! Riesige Zahlen, aber mit 85&#8217;000 Tonnen Fracht pro Frachttonne dann\neben doch recht wenig\u2026<\/p>\n\n\n\n<p>Seit\nSonntag habe ich nun auch Internet \u00fcber Satellit. So kann ich trotzdem die\nVerbindung nach Hause aufrechterhalten, obwohl wir auf hoher See sind. Aber die\nKosten sind nicht zu vernachl\u00e4ssigen: 0.2$ pro MB t\u00f6nt nicht nach viel,\nbedeutet jedoch 200$ pro GB. Deshalb verzichte ich aktuell noch auf das\nHochladen von Fotos. Aber immerhin kann ich weiterhin von hier berichten und\ndie Website mehr oder weniger aktuell halten.<\/p>\n","protected":false},"excerpt":{"rendered":"<p>Am Sonntag fuhren wir durch den westlichen Teil des \u00c4rmelkanals. Wir \u00fcberquerten um ca. 8:45 Uhr den Nullmeridian, was mich veranlasste, ein kurzes Fr\u00fchst\u00fcck zu nehmen, damit ich rechtzeitig wieder auf der Br\u00fccke war um auf dem GPS System mitzuverfolgen, wie die Richtungsangabe der Koordinate von E auf W wechselte&#8230; Tags\u00fcber fuhren wir an der &hellip; <a href=\"https:\/\/auszeit.maurer-weber.ch\/?p=164\" class=\"more-link\"><span class=\"screen-reader-text\">\u201eRichtung Atlantik\u201c <\/span>weiterlesen<\/a><\/p>\n","protected":false},"author":2,"featured_media":0,"comment_status":"open","ping_status":"open","sticky":false,"template":"","format":"standard","meta":{"footnotes":""},"categories":[3],"tags":[],"class_list":["post-164","post","type-post","status-publish","format-standard","hentry","category-frachtschiffreise"],"_links":{"self":[{"href":"https:\/\/auszeit.maurer-weber.ch\/index.php?rest_route=\/wp\/v2\/posts\/164","targetHints":{"allow":["GET"]}}],"collection":[{"href":"https:\/\/auszeit.maurer-weber.ch\/index.php?rest_route=\/wp\/v2\/posts"}],"about":[{"href":"https:\/\/auszeit.maurer-weber.ch\/index.php?rest_route=\/wp\/v2\/types\/post"}],"author":[{"embeddable":true,"href":"https:\/\/auszeit.maurer-weber.ch\/index.php?rest_route=\/wp\/v2\/users\/2"}],"replies":[{"embeddable":true,"href":"https:\/\/auszeit.maurer-weber.ch\/index.php?rest_route=%2Fwp%2Fv2%2Fcomments&post=164"}],"version-history":[{"count":1,"href":"https:\/\/auszeit.maurer-weber.ch\/index.php?rest_route=\/wp\/v2\/posts\/164\/revisions"}],"predecessor-version":[{"id":165,"href":"https:\/\/auszeit.maurer-weber.ch\/index.php?rest_route=\/wp\/v2\/posts\/164\/revisions\/165"}],"wp:attachment":[{"href":"https:\/\/auszeit.maurer-weber.ch\/index.php?rest_route=%2Fwp%2Fv2%2Fmedia&parent=164"}],"wp:term":[{"taxonomy":"category","embeddable":true,"href":"https:\/\/auszeit.maurer-weber.ch\/index.php?rest_route=%2Fwp%2Fv2%2Fcategories&post=164"},{"taxonomy":"post_tag","embeddable":true,"href":"https:\/\/auszeit.maurer-weber.ch\/index.php?rest_route=%2Fwp%2Fv2%2Ftags&post=164"}],"curies":[{"name":"wp","href":"https:\/\/api.w.org\/{rel}","templated":true}]}}