{"id":118,"date":"2019-08-19T20:00:14","date_gmt":"2019-08-19T20:00:14","guid":{"rendered":"https:\/\/auszeit.maurer-weber.ch\/?p=118"},"modified":"2019-09-07T01:49:41","modified_gmt":"2019-09-07T01:49:41","slug":"auf-nach-antwerpen","status":"publish","type":"post","link":"https:\/\/auszeit.maurer-weber.ch\/?p=118","title":{"rendered":"Auf nach Antwerpen"},"content":{"rendered":"\n<p>Bevor man auf einem Frachter einschiffen kann, muss nat\u00fcrlich zuerst in eine Hafenstadt gereist werden. Als Einsteigeort habe ich Antwerpen gew\u00e4hlt. Wie sich herausstellt, eine vorz\u00fcgliche Wahl!<\/p>\n\n\n\n<p>Nach einer kurzen aber trotzdem schmerzlichen Verabschiedung ging es endlich los. Mit dem Flugzeug nach Amsterdam und anschliessend per Zug nach Antwerpen. Eingecheckt habe ich am Morgen und so konnte ich zuhause noch zu Mittag essen (Winzerr\u00f6sti, wohl f\u00fcr l\u00e4nger das letzte mal ein Schweizer Gericht&#8230;). Nach einem ruhigen und angenehmen Flug stieg ich in Amsterdam in den Thalys &#8211; Hochgeschwindigkeitszug (230km\/h). Ich konnte sogar noch eine Stunde fr\u00fcher als gebucht los, da bei der Gep\u00e4ckausgabe alles so schnell geklappt hatte und im Zug noch freie Pl\u00e4tze zur Verf\u00fcgung standen. Ganz \u00fcberrascht war ich, dass ich in einem Premium Wagen gebucht war, super sch\u00f6n, viel Platz und ein Snack inklusive&#8230; Dies Stunde verging wie im Zuge \ud83d\ude09<\/p>\n\n\n\n<p>In Antwerpen angekommen ging ich sofort ins vorgebuchte Hotel. Auch hier hatte ich wieder Gl\u00fcck und bekam ein Upgrade des Zimmers. Im 10 Stock mit Blick auf Antwerpen&#8230; Super!<\/p>\n\n\n\n<p>Nachdem ich noch letzte Eink\u00e4ufe get\u00e4tigt hatte, musste ich nat\u00fcrlich auch ein wenig die Stadt anschauen. Bereits bei der Ankunft ist mir der Bahnhof aufgefallen. So etwas habe ich noch nie gesehen.  Ein Wunderbauwerk! Aber auch sonst hat Antwerpen viel zu bieten (Fotogalerie zeigt einige Eindr\u00fccke, habe fotografiert, bis der Akku leer war&#8230;) Leider wurde vielerorts gerade renoviert und es war doch einiges einger\u00fcstet. Trotzdem hat mich die Stadt sehr beeindruckt. <\/p>\n\n\n\n<p>Morgen geht es los aufs Schiff&#8230; ich bin gespannt, was mich da erwartet&#8230; Aber wenn es so erfolgreich weitergeht wie mein erster Tag, dann muss ich mir keine Sorgen machen. Der Start ist auf jeden Fall mehr als gegl\u00fcckt!<\/p>\n","protected":false},"excerpt":{"rendered":"<p>Bevor man auf einem Frachter einschiffen kann, muss nat\u00fcrlich zuerst in eine Hafenstadt gereist werden. Als Einsteigeort habe ich Antwerpen gew\u00e4hlt. Wie sich herausstellt, eine vorz\u00fcgliche Wahl! Nach einer kurzen aber trotzdem schmerzlichen Verabschiedung ging es endlich los. Mit dem Flugzeug nach Amsterdam und anschliessend per Zug nach Antwerpen. Eingecheckt habe ich am Morgen und &hellip; <a href=\"https:\/\/auszeit.maurer-weber.ch\/?p=118\" class=\"more-link\"><span class=\"screen-reader-text\">\u201eAuf nach Antwerpen\u201c <\/span>weiterlesen<\/a><\/p>\n","protected":false},"author":2,"featured_media":0,"comment_status":"open","ping_status":"open","sticky":false,"template":"","format":"standard","meta":{"footnotes":""},"categories":[3],"tags":[],"class_list":["post-118","post","type-post","status-publish","format-standard","hentry","category-frachtschiffreise"],"_links":{"self":[{"href":"https:\/\/auszeit.maurer-weber.ch\/index.php?rest_route=\/wp\/v2\/posts\/118","targetHints":{"allow":["GET"]}}],"collection":[{"href":"https:\/\/auszeit.maurer-weber.ch\/index.php?rest_route=\/wp\/v2\/posts"}],"about":[{"href":"https:\/\/auszeit.maurer-weber.ch\/index.php?rest_route=\/wp\/v2\/types\/post"}],"author":[{"embeddable":true,"href":"https:\/\/auszeit.maurer-weber.ch\/index.php?rest_route=\/wp\/v2\/users\/2"}],"replies":[{"embeddable":true,"href":"https:\/\/auszeit.maurer-weber.ch\/index.php?rest_route=%2Fwp%2Fv2%2Fcomments&post=118"}],"version-history":[{"count":1,"href":"https:\/\/auszeit.maurer-weber.ch\/index.php?rest_route=\/wp\/v2\/posts\/118\/revisions"}],"predecessor-version":[{"id":119,"href":"https:\/\/auszeit.maurer-weber.ch\/index.php?rest_route=\/wp\/v2\/posts\/118\/revisions\/119"}],"wp:attachment":[{"href":"https:\/\/auszeit.maurer-weber.ch\/index.php?rest_route=%2Fwp%2Fv2%2Fmedia&parent=118"}],"wp:term":[{"taxonomy":"category","embeddable":true,"href":"https:\/\/auszeit.maurer-weber.ch\/index.php?rest_route=%2Fwp%2Fv2%2Fcategories&post=118"},{"taxonomy":"post_tag","embeddable":true,"href":"https:\/\/auszeit.maurer-weber.ch\/index.php?rest_route=%2Fwp%2Fv2%2Ftags&post=118"}],"curies":[{"name":"wp","href":"https:\/\/api.w.org\/{rel}","templated":true}]}}